{"id":1477,"date":"2020-05-15T06:54:27","date_gmt":"2020-05-15T06:54:27","guid":{"rendered":"https:\/\/www.clarity.hu\/2020\/05\/15\/kaveszunet-interju-a-clarity-mukodese-covid-valsag-idejen-2\/"},"modified":"2025-09-01T06:54:31","modified_gmt":"2025-09-01T06:54:31","slug":"kaveszunet-interju-a-clarity-mukodese-covid-valsag-idejen-2","status":"publish","type":"post","link":"https:\/\/www.clarity.hu\/en\/2020\/05\/15\/kaveszunet-interju-a-clarity-mukodese-covid-valsag-idejen-2\/","title":{"rendered":"Coffee Break interview: The operation of Clarity during the COVID crisis"},"content":{"rendered":"<p class=\"western\" align=\"justify\"><span style=\"font-size: small;\"><b>Clarity: <\/b><\/span><span style=\"font-size: small;\">In today\u2019s interview, we talk about the evolved epidemiological situation and its effects.<\/span><\/p>\n<p class=\"western\" align=\"justify\"><span style=\"font-size: small;\">Unfortunately, for now we do not see the end of the pandemic or its impact on the economy. One thing is for sure: in this complicated situation, companies have to switch to a new functioning, just as much as our coworkers do. In the next part we talk about this new kind of functioning with <\/span><span style=\"font-size: small;\"><b>Kelecs\u00e9nyi-<\/b><\/span><span style=\"font-size: small;\"><b>Sz\u0171cs Szilvia<\/b><\/span><span style=\"font-size: small;\">, the Manager of <\/span><span style=\"font-size: small;\">Human Resources<\/span> <span style=\"font-size: small;\">and with the representatives of the <\/span><span style=\"font-size: small;\"><b>Back Office team<\/b><\/span><span style=\"font-size: small;\">, <\/span><span style=\"font-size: small;\"><b>Tunczinger Attila<\/b><\/span><span style=\"font-size: small;\"> and <\/span><span style=\"font-size: small;\"><b>Vilimek-Tiborfi Eszter<\/b><\/span><span style=\"font-size: small;\">.<\/span><\/p>\n<p class=\"western\" align=\"justify\"><a name=\"_GoBack\"><\/a> <span style=\"font-size: small;\"><b>Clarity: <\/b><\/span><span style=\"font-size: small;\">Covid19 has appeared in our country, in March. What were the first actions that Clarity took and what is the situation now during curfew?<\/span><\/p>\n<p class=\"western\" align=\"justify\"><span style=\"font-size: small;\"><b>Szilvia: <\/b><\/span><span style=\"font-size: small;\">In the first period, our most important actions were taken in order to protect our coworkers. We obtained antibacterial sanitizers to improve our office hyginie and we send out weekly imformative e-mails to our colleagues about how they can reduce the risk of being infected (e.g. avoiding handshakes). As the pandemic was getting more serious, we asked our colleagues to avoid foreign trips, if it was not possible, after their return, they were required to work from home for two weeks.<\/span><\/p>\n<p class=\"western\" align=\"justify\"><span style=\"font-size: small;\">In the everyday life of Clarity, regular contact with the clients and partners is critical. Because of that we had to start working on new methods that can assure the smooth continuance of our projects. Firstly, in order to proceed with remote working, the preliminary revision of the necessary infrastructural requirements was needed as well as resolving the infrastructural and operational questions on client-side.<\/span><\/p>\n<p class=\"western\" align=\"justify\"><span style=\"font-size: small;\">Unfortunately, ordering home-office was not avoidable in order to keep our coworkers and clients safe. Luckily we were able to prepare the approrioate conditions everywhere to continue with our service for our clients<\/span><\/p>\n<p class=\"western\" align=\"justify\"><span style=\"font-size: small;\">The operational staff of Clarity was formed, which has online meetings two or three times per week. We felt that the continuous tracking of the events was essential so that we are able to make decisions on the necessary measures as soon as possible, thus maximizing our ability of adaptation. We constantly keep in touch with our coworkers to always have up-to-date informations about them so that we are able to help them tackle any issue. We pay special attention to our colleagues, who have young children, since they are working under extra pressure during these times, and to those, who are at higher risk from the virus.<\/span><\/p>\n<p class=\"western\" align=\"justify\"><span style=\"font-size: small;\">The operation of the office has changed as well due to the new circumstances. My coworkers in the office are working in shifts so that we can maintain the business continuity. This way, we can minimize the number of personal meetings but at the same time we can still provide the appropriate background for the operation.<\/span><\/p>\n<p class=\"western\" align=\"justify\"><span style=\"font-size: small;\"><b>Clarity: <\/b><\/span><span style=\"font-size: small;\">How much time did it take to switch to home office? Were there any kind of difficulties?<\/span><\/p>\n<p class=\"western\" align=\"justify\"><span style=\"font-size: small;\"><b>Attila: <\/b><\/span><span style=\"font-size: small;\">Actually, all infrastructural conditions were already given for the remote working before the curfew, so it did not cause any problems. In case we did have difficulties, those derived from user experience in certain devices (e.g. the use of Microsoft Teams), or creating the proper conditions for home-working (e.g. those who have young children). However in just a few days we caught up with the new system.<\/span><\/p>\n<p class=\"western\" align=\"justify\"><span style=\"font-size: small;\"><b>Clarity:<\/b><\/span><span style=\"font-size: small;\"> Szilvia mentioned that, the office works in shifts during these days. What does it mean exactly?<\/span><\/p>\n<p class=\"western\" align=\"justify\"><span style=\"font-size: small;\"><b>Eszter:<\/b><\/span><span style=\"font-size: small;\"> Currently the office is working with shorter opening hours, which means that it is open on workdays from 9 am. to 5 pm. The office duty is assured by one person every workday. Almost every tasks are the same, as we take the calls, take over the mails and packages and carry all the background duties.<\/span><\/p>\n<p class=\"western\" align=\"justify\"><span style=\"font-size: small;\">However, our events totally transformed. We had organised several trainings and workshops for the first half-year. Normally we hold the longer trainings on external locations, while the shorter trainings and workshops are held in-house. Unfortunately we had to change our habits and we had to organise all of these events online.<\/span><\/p>\n<p class=\"western\" align=\"justify\"><span style=\"font-size: small;\">It is really hard to get used to the silence which is in our office. Our car park is almost empty every day. Our parking system, which was introduced two years ago, is resting now, but we hope, that sooner or later it will have to work again with full capacity.<\/span><span style=\"font-family: 'Segoe UI Emoji', serif;\"><span style=\"font-size: small;\">?<\/span><\/span><\/p>\n<p class=\"western\" align=\"justify\"><img loading=\"lazy\" decoding=\"async\" class=\"aligncenter size-full wp-image-1575\" src=\"https:\/\/www.clarity.hu\/wp-content\/uploads\/2020\/05\/parkolC3B3-e1589533583293-1.jpg\" alt=\"parkol\u00f3\" width=\"515\" height=\"386\"><\/p>\n<p class=\"western\" align=\"justify\"><span style=\"font-size: small;\">One of the big changes around the office of Clarity is the garden. Thanks to our Financial Department coworkes (Hajni and B\u00e9la), Clarity is blooming. Last november they planted 200 flower bulbs as a surprise, and now these flowers are flourishing our garden. Hopefully next spring, everyone can take delight in the beauty of the flowers every day.<\/span><\/p>\n<p class=\"western\" align=\"justify\"><img loading=\"lazy\" decoding=\"async\" class=\"aligncenter size-full wp-image-1576\" src=\"https:\/\/www.clarity.hu\/wp-content\/uploads\/2020\/05\/tulipC3A1nos-kollC3A1zs-e1589533671467-1.jpg\" alt=\"tulip\u00e1nos koll\u00e1zs\" width=\"550\" height=\"309\"><\/p>\n<p class=\"western\" align=\"justify\"><span style=\"font-size: small;\"><b>Clarity:<\/b><\/span><span style=\"font-size: small;\"> We heard the news, that there is another big change in the life of the Clarity office. Can you tell something about it?<\/span><\/p>\n<p class=\"western\" align=\"justify\"><span style=\"font-size: small;\"><b>Attila:<\/b><\/span><span style=\"font-size: small;\"> Yes, a big change is happening right now in the office of Clarity. One of our old dreams is coming true as the whole office building is being painted at the moment and we are also restoring the parquet at the ground floor. The truth is, that we had planned this restoration for this period of the year, though it is easier than we thought it would be, as everyone is working from home and the office is empty recently, because of the virus.<\/span><\/p>\n<p class=\"western\" align=\"justify\"><img loading=\"lazy\" decoding=\"async\" class=\"aligncenter size-full wp-image-1577\" src=\"https:\/\/www.clarity.hu\/wp-content\/uploads\/2020\/05\/felC3BAjC3ADtC3A1s-e1589533808559-1.jpg\" alt=\"fel\u00faj\u00edt\u00e1s\" width=\"540\" height=\"405\"><\/p>\n<p class=\"western\" align=\"justify\"><span style=\"font-size: small;\"><b>Clarity: <\/b><\/span><span style=\"font-size: small;\">How did the department of Human Resources change lately? How do the applicaton interviews take place recently?<\/span><\/p>\n<p class=\"western\" align=\"justify\"><span style=\"font-size: small;\"><b>Szilvia: <\/b><\/span><span style=\"font-size: small;\">Normally, the two most important parts of my job is the recruiting-selection process and the organisation of trainings, so tasks related to these processes take most of my day. Now, in this unique situation, other areas are getting more important in my job, there are a lot of questions in labour law matters that we need to address \u2013 and we also need to be up to date about the new laws. Although we are fortunate compared to the commercial and tourism industries, our focus is on other things than before.<\/span><\/p>\n<p class=\"western\" align=\"justify\"><span style=\"font-size: small;\">Despite the hard times, we did not stop our recruiting processes, we are regularly conducting interviews, moreover two new colleagues are going to join us soon. It is necessary because on the one hand we want to be prepared for the economic restart after the virus and on the other hand there are many opportunities for new projects in the current situation, and these require resources as well.<\/span><\/p>\n<p class=\"western\" align=\"justify\"><span style=\"font-size: small;\">Obviously, the selection process has changed. We conduct the interviews in the cyberspace with the help of technical devices. For me personally, it was not entirely new, since I used to work in multinational environment, where due to the distance I had to go through the selection processes remotely from end to end. This current situation is different though: to younger applicants \u2013 to my experience \u2013 the use of technical devices and the lack of personal contact cause no problems \u2013 this is natural for them. However I did meet applicants who were seemingly discomforted by the situation \u2013 of course an interview like this can cause stress even under the ordinary circumstances, especially if the environment is unfamiliar. With a little understanding and attention, though, these situations can be handled properly and they can also end up being quite funny sometimes, when the devices or my kids are playing tricks on me in the middle of an interview. <\/span><span style=\"font-family: 'Segoe UI Emoji', serif;\"><span style=\"font-size: small;\">?<\/span><\/span><\/p>\n<p class=\"western\" align=\"justify\"><span style=\"font-size: small;\"><b>Clarity: <\/b><\/span><span style=\"font-size: small;\">Thank You so much for this conversation! #takecarofeachother #ClarityOffice<\/span><\/p>\n<div style=\"clear: both;\"><\/div>\n","protected":false},"excerpt":{"rendered":"<p>Clarity: In today\u2019s interview, we talk about the evolved epidemiological situation and its effects. Unfortunately, for now we do not see the end of the pandemic or its impact on the economy. One thing is for sure: in this complicated situation, companies have to switch to a new functioning, just as much as our coworkers [&hellip;]<\/p>\n","protected":false},"author":1,"featured_media":1468,"comment_status":"closed","ping_status":"closed","sticky":false,"template":"","format":"standard","meta":{"_acf_changed":false,"footnotes":""},"categories":[1],"tags":[],"class_list":["post-1477","post","type-post","status-publish","format-standard","has-post-thumbnail","hentry","category-hirek"],"acf":[],"yoast_head":"<!-- This site is optimized with the Yoast SEO plugin v26.8 - https:\/\/yoast.com\/product\/yoast-seo-wordpress\/ -->\n<title>Coffee Break interview: The operation of Clarity during the COVID crisis - Clarity<\/title>\n<meta name=\"robots\" content=\"index, follow, max-snippet:-1, max-image-preview:large, max-video-preview:-1\" \/>\n<link rel=\"canonical\" href=\"https:\/\/www.clarity.hu\/2020\/05\/15\/kaveszunet-interju-a-clarity-mukodese-covid-valsag-idejen-2\/\" \/>\n<meta property=\"og:locale\" content=\"en_US\" \/>\n<meta property=\"og:type\" content=\"article\" \/>\n<meta property=\"og:title\" content=\"Coffee Break interview: The operation of Clarity during the COVID crisis - Clarity\" \/>\n<meta property=\"og:description\" content=\"Clarity: In today\u2019s interview, we talk about the evolved epidemiological situation and its effects. Unfortunately, for now we do not see the end of the pandemic or its impact on the economy. One thing is for sure: in this complicated situation, companies have to switch to a new functioning, just as much as our coworkers [&hellip;]\" \/>\n<meta property=\"og:url\" content=\"https:\/\/www.clarity.hu\/2020\/05\/15\/kaveszunet-interju-a-clarity-mukodese-covid-valsag-idejen-2\/\" \/>\n<meta property=\"og:site_name\" content=\"Clarity\" \/>\n<meta property=\"article:published_time\" content=\"2020-05-15T06:54:27+00:00\" \/>\n<meta property=\"article:modified_time\" content=\"2025-09-01T06:54:31+00:00\" \/>\n<meta property=\"og:image\" content=\"https:\/\/www.clarity.hu\/wp-content\/uploads\/2020\/12\/CSR_2020_thumbnail.jpg\" \/>\n\t<meta property=\"og:image:width\" content=\"300\" \/>\n\t<meta property=\"og:image:height\" content=\"199\" \/>\n\t<meta property=\"og:image:type\" content=\"image\/jpeg\" \/>\n<meta name=\"author\" content=\"clarityadmin\" \/>\n<meta name=\"twitter:card\" content=\"summary_large_image\" \/>\n<meta name=\"twitter:label1\" content=\"Written by\" \/>\n\t<meta name=\"twitter:data1\" content=\"clarityadmin\" \/>\n\t<meta name=\"twitter:label2\" content=\"Est. reading time\" \/>\n\t<meta name=\"twitter:data2\" content=\"6 minutes\" \/>\n<script type=\"application\/ld+json\" class=\"yoast-schema-graph\">{\"@context\":\"https:\/\/schema.org\",\"@graph\":[{\"@type\":\"Article\",\"@id\":\"https:\/\/www.clarity.hu\/2020\/05\/15\/kaveszunet-interju-a-clarity-mukodese-covid-valsag-idejen-2\/#article\",\"isPartOf\":{\"@id\":\"https:\/\/www.clarity.hu\/2020\/05\/15\/kaveszunet-interju-a-clarity-mukodese-covid-valsag-idejen-2\/\"},\"author\":{\"name\":\"clarityadmin\",\"@id\":\"https:\/\/www.clarity.hu\/#\/schema\/person\/09d5b87642438533cd0c93aefb284a4c\"},\"headline\":\"Coffee Break interview: The operation of Clarity during the COVID crisis\",\"datePublished\":\"2020-05-15T06:54:27+00:00\",\"dateModified\":\"2025-09-01T06:54:31+00:00\",\"mainEntityOfPage\":{\"@id\":\"https:\/\/www.clarity.hu\/2020\/05\/15\/kaveszunet-interju-a-clarity-mukodese-covid-valsag-idejen-2\/\"},\"wordCount\":1246,\"image\":{\"@id\":\"https:\/\/www.clarity.hu\/2020\/05\/15\/kaveszunet-interju-a-clarity-mukodese-covid-valsag-idejen-2\/#primaryimage\"},\"thumbnailUrl\":\"https:\/\/www.clarity.hu\/wp-content\/uploads\/2020\/05\/Clarity_kommunikacio_THUMB_20200515_Kaveszunet-interju_Covid.jpg\",\"articleSection\":[\"H\u00edrek\"],\"inLanguage\":\"en-US\"},{\"@type\":\"WebPage\",\"@id\":\"https:\/\/www.clarity.hu\/2020\/05\/15\/kaveszunet-interju-a-clarity-mukodese-covid-valsag-idejen-2\/\",\"url\":\"https:\/\/www.clarity.hu\/2020\/05\/15\/kaveszunet-interju-a-clarity-mukodese-covid-valsag-idejen-2\/\",\"name\":\"Coffee Break interview: The operation of Clarity during the COVID crisis - Clarity\",\"isPartOf\":{\"@id\":\"https:\/\/www.clarity.hu\/#website\"},\"primaryImageOfPage\":{\"@id\":\"https:\/\/www.clarity.hu\/2020\/05\/15\/kaveszunet-interju-a-clarity-mukodese-covid-valsag-idejen-2\/#primaryimage\"},\"image\":{\"@id\":\"https:\/\/www.clarity.hu\/2020\/05\/15\/kaveszunet-interju-a-clarity-mukodese-covid-valsag-idejen-2\/#primaryimage\"},\"thumbnailUrl\":\"https:\/\/www.clarity.hu\/wp-content\/uploads\/2020\/05\/Clarity_kommunikacio_THUMB_20200515_Kaveszunet-interju_Covid.jpg\",\"datePublished\":\"2020-05-15T06:54:27+00:00\",\"dateModified\":\"2025-09-01T06:54:31+00:00\",\"author\":{\"@id\":\"https:\/\/www.clarity.hu\/#\/schema\/person\/09d5b87642438533cd0c93aefb284a4c\"},\"breadcrumb\":{\"@id\":\"https:\/\/www.clarity.hu\/2020\/05\/15\/kaveszunet-interju-a-clarity-mukodese-covid-valsag-idejen-2\/#breadcrumb\"},\"inLanguage\":\"en-US\",\"potentialAction\":[{\"@type\":\"ReadAction\",\"target\":[\"https:\/\/www.clarity.hu\/2020\/05\/15\/kaveszunet-interju-a-clarity-mukodese-covid-valsag-idejen-2\/\"]}]},{\"@type\":\"ImageObject\",\"inLanguage\":\"en-US\",\"@id\":\"https:\/\/www.clarity.hu\/2020\/05\/15\/kaveszunet-interju-a-clarity-mukodese-covid-valsag-idejen-2\/#primaryimage\",\"url\":\"https:\/\/www.clarity.hu\/wp-content\/uploads\/2020\/05\/Clarity_kommunikacio_THUMB_20200515_Kaveszunet-interju_Covid.jpg\",\"contentUrl\":\"https:\/\/www.clarity.hu\/wp-content\/uploads\/2020\/05\/Clarity_kommunikacio_THUMB_20200515_Kaveszunet-interju_Covid.jpg\",\"width\":300,\"height\":199},{\"@type\":\"BreadcrumbList\",\"@id\":\"https:\/\/www.clarity.hu\/2020\/05\/15\/kaveszunet-interju-a-clarity-mukodese-covid-valsag-idejen-2\/#breadcrumb\",\"itemListElement\":[{\"@type\":\"ListItem\",\"position\":1,\"name\":\"Home\",\"item\":\"https:\/\/www.clarity.hu\/en\/\"},{\"@type\":\"ListItem\",\"position\":2,\"name\":\"Coffee Break interview: The operation of Clarity during the COVID crisis\"}]},{\"@type\":\"WebSite\",\"@id\":\"https:\/\/www.clarity.hu\/#website\",\"url\":\"https:\/\/www.clarity.hu\/\",\"name\":\"Clarity\",\"description\":\"\",\"potentialAction\":[{\"@type\":\"SearchAction\",\"target\":{\"@type\":\"EntryPoint\",\"urlTemplate\":\"https:\/\/www.clarity.hu\/?s={search_term_string}\"},\"query-input\":{\"@type\":\"PropertyValueSpecification\",\"valueRequired\":true,\"valueName\":\"search_term_string\"}}],\"inLanguage\":\"en-US\"},{\"@type\":\"Person\",\"@id\":\"https:\/\/www.clarity.hu\/#\/schema\/person\/09d5b87642438533cd0c93aefb284a4c\",\"name\":\"clarityadmin\",\"image\":{\"@type\":\"ImageObject\",\"inLanguage\":\"en-US\",\"@id\":\"https:\/\/www.clarity.hu\/#\/schema\/person\/image\/\",\"url\":\"https:\/\/secure.gravatar.com\/avatar\/cbaa2fb19c69e5fc103f470e794ef86133c2cd9ec02f20a10da936f8a3c5c752?s=96&d=mm&r=g\",\"contentUrl\":\"https:\/\/secure.gravatar.com\/avatar\/cbaa2fb19c69e5fc103f470e794ef86133c2cd9ec02f20a10da936f8a3c5c752?s=96&d=mm&r=g\",\"caption\":\"clarityadmin\"},\"sameAs\":[\"https:\/\/www.clarity.hu\"],\"url\":\"https:\/\/www.clarity.hu\/en\/author\/clarityadmin\/\"}]}<\/script>\n<!-- \/ Yoast SEO plugin. -->","yoast_head_json":{"title":"Coffee Break interview: The operation of Clarity during the COVID crisis - Clarity","robots":{"index":"index","follow":"follow","max-snippet":"max-snippet:-1","max-image-preview":"max-image-preview:large","max-video-preview":"max-video-preview:-1"},"canonical":"https:\/\/www.clarity.hu\/2020\/05\/15\/kaveszunet-interju-a-clarity-mukodese-covid-valsag-idejen-2\/","og_locale":"en_US","og_type":"article","og_title":"Coffee Break interview: The operation of Clarity during the COVID crisis - Clarity","og_description":"Clarity: In today\u2019s interview, we talk about the evolved epidemiological situation and its effects. Unfortunately, for now we do not see the end of the pandemic or its impact on the economy. One thing is for sure: in this complicated situation, companies have to switch to a new functioning, just as much as our coworkers [&hellip;]","og_url":"https:\/\/www.clarity.hu\/2020\/05\/15\/kaveszunet-interju-a-clarity-mukodese-covid-valsag-idejen-2\/","og_site_name":"Clarity","article_published_time":"2020-05-15T06:54:27+00:00","article_modified_time":"2025-09-01T06:54:31+00:00","og_image":[{"width":300,"height":199,"url":"https:\/\/www.clarity.hu\/wp-content\/uploads\/2020\/12\/CSR_2020_thumbnail.jpg","type":"image\/jpeg"}],"author":"clarityadmin","twitter_card":"summary_large_image","twitter_misc":{"Written by":"clarityadmin","Est. reading time":"6 minutes"},"schema":{"@context":"https:\/\/schema.org","@graph":[{"@type":"Article","@id":"https:\/\/www.clarity.hu\/2020\/05\/15\/kaveszunet-interju-a-clarity-mukodese-covid-valsag-idejen-2\/#article","isPartOf":{"@id":"https:\/\/www.clarity.hu\/2020\/05\/15\/kaveszunet-interju-a-clarity-mukodese-covid-valsag-idejen-2\/"},"author":{"name":"clarityadmin","@id":"https:\/\/www.clarity.hu\/#\/schema\/person\/09d5b87642438533cd0c93aefb284a4c"},"headline":"Coffee Break interview: The operation of Clarity during the COVID crisis","datePublished":"2020-05-15T06:54:27+00:00","dateModified":"2025-09-01T06:54:31+00:00","mainEntityOfPage":{"@id":"https:\/\/www.clarity.hu\/2020\/05\/15\/kaveszunet-interju-a-clarity-mukodese-covid-valsag-idejen-2\/"},"wordCount":1246,"image":{"@id":"https:\/\/www.clarity.hu\/2020\/05\/15\/kaveszunet-interju-a-clarity-mukodese-covid-valsag-idejen-2\/#primaryimage"},"thumbnailUrl":"https:\/\/www.clarity.hu\/wp-content\/uploads\/2020\/05\/Clarity_kommunikacio_THUMB_20200515_Kaveszunet-interju_Covid.jpg","articleSection":["H\u00edrek"],"inLanguage":"en-US"},{"@type":"WebPage","@id":"https:\/\/www.clarity.hu\/2020\/05\/15\/kaveszunet-interju-a-clarity-mukodese-covid-valsag-idejen-2\/","url":"https:\/\/www.clarity.hu\/2020\/05\/15\/kaveszunet-interju-a-clarity-mukodese-covid-valsag-idejen-2\/","name":"Coffee Break interview: The operation of Clarity during the COVID crisis - Clarity","isPartOf":{"@id":"https:\/\/www.clarity.hu\/#website"},"primaryImageOfPage":{"@id":"https:\/\/www.clarity.hu\/2020\/05\/15\/kaveszunet-interju-a-clarity-mukodese-covid-valsag-idejen-2\/#primaryimage"},"image":{"@id":"https:\/\/www.clarity.hu\/2020\/05\/15\/kaveszunet-interju-a-clarity-mukodese-covid-valsag-idejen-2\/#primaryimage"},"thumbnailUrl":"https:\/\/www.clarity.hu\/wp-content\/uploads\/2020\/05\/Clarity_kommunikacio_THUMB_20200515_Kaveszunet-interju_Covid.jpg","datePublished":"2020-05-15T06:54:27+00:00","dateModified":"2025-09-01T06:54:31+00:00","author":{"@id":"https:\/\/www.clarity.hu\/#\/schema\/person\/09d5b87642438533cd0c93aefb284a4c"},"breadcrumb":{"@id":"https:\/\/www.clarity.hu\/2020\/05\/15\/kaveszunet-interju-a-clarity-mukodese-covid-valsag-idejen-2\/#breadcrumb"},"inLanguage":"en-US","potentialAction":[{"@type":"ReadAction","target":["https:\/\/www.clarity.hu\/2020\/05\/15\/kaveszunet-interju-a-clarity-mukodese-covid-valsag-idejen-2\/"]}]},{"@type":"ImageObject","inLanguage":"en-US","@id":"https:\/\/www.clarity.hu\/2020\/05\/15\/kaveszunet-interju-a-clarity-mukodese-covid-valsag-idejen-2\/#primaryimage","url":"https:\/\/www.clarity.hu\/wp-content\/uploads\/2020\/05\/Clarity_kommunikacio_THUMB_20200515_Kaveszunet-interju_Covid.jpg","contentUrl":"https:\/\/www.clarity.hu\/wp-content\/uploads\/2020\/05\/Clarity_kommunikacio_THUMB_20200515_Kaveszunet-interju_Covid.jpg","width":300,"height":199},{"@type":"BreadcrumbList","@id":"https:\/\/www.clarity.hu\/2020\/05\/15\/kaveszunet-interju-a-clarity-mukodese-covid-valsag-idejen-2\/#breadcrumb","itemListElement":[{"@type":"ListItem","position":1,"name":"Home","item":"https:\/\/www.clarity.hu\/en\/"},{"@type":"ListItem","position":2,"name":"Coffee Break interview: The operation of Clarity during the COVID crisis"}]},{"@type":"WebSite","@id":"https:\/\/www.clarity.hu\/#website","url":"https:\/\/www.clarity.hu\/","name":"Clarity","description":"","potentialAction":[{"@type":"SearchAction","target":{"@type":"EntryPoint","urlTemplate":"https:\/\/www.clarity.hu\/?s={search_term_string}"},"query-input":{"@type":"PropertyValueSpecification","valueRequired":true,"valueName":"search_term_string"}}],"inLanguage":"en-US"},{"@type":"Person","@id":"https:\/\/www.clarity.hu\/#\/schema\/person\/09d5b87642438533cd0c93aefb284a4c","name":"clarityadmin","image":{"@type":"ImageObject","inLanguage":"en-US","@id":"https:\/\/www.clarity.hu\/#\/schema\/person\/image\/","url":"https:\/\/secure.gravatar.com\/avatar\/cbaa2fb19c69e5fc103f470e794ef86133c2cd9ec02f20a10da936f8a3c5c752?s=96&d=mm&r=g","contentUrl":"https:\/\/secure.gravatar.com\/avatar\/cbaa2fb19c69e5fc103f470e794ef86133c2cd9ec02f20a10da936f8a3c5c752?s=96&d=mm&r=g","caption":"clarityadmin"},"sameAs":["https:\/\/www.clarity.hu"],"url":"https:\/\/www.clarity.hu\/en\/author\/clarityadmin\/"}]}},"_links":{"self":[{"href":"https:\/\/www.clarity.hu\/en\/wp-json\/wp\/v2\/posts\/1477","targetHints":{"allow":["GET"]}}],"collection":[{"href":"https:\/\/www.clarity.hu\/en\/wp-json\/wp\/v2\/posts"}],"about":[{"href":"https:\/\/www.clarity.hu\/en\/wp-json\/wp\/v2\/types\/post"}],"author":[{"embeddable":true,"href":"https:\/\/www.clarity.hu\/en\/wp-json\/wp\/v2\/users\/1"}],"replies":[{"embeddable":true,"href":"https:\/\/www.clarity.hu\/en\/wp-json\/wp\/v2\/comments?post=1477"}],"version-history":[{"count":1,"href":"https:\/\/www.clarity.hu\/en\/wp-json\/wp\/v2\/posts\/1477\/revisions"}],"predecessor-version":[{"id":1484,"href":"https:\/\/www.clarity.hu\/en\/wp-json\/wp\/v2\/posts\/1477\/revisions\/1484"}],"wp:featuredmedia":[{"embeddable":true,"href":"https:\/\/www.clarity.hu\/en\/wp-json\/wp\/v2\/media\/1468"}],"wp:attachment":[{"href":"https:\/\/www.clarity.hu\/en\/wp-json\/wp\/v2\/media?parent=1477"}],"wp:term":[{"taxonomy":"category","embeddable":true,"href":"https:\/\/www.clarity.hu\/en\/wp-json\/wp\/v2\/categories?post=1477"},{"taxonomy":"post_tag","embeddable":true,"href":"https:\/\/www.clarity.hu\/en\/wp-json\/wp\/v2\/tags?post=1477"}],"curies":[{"name":"wp","href":"https:\/\/api.w.org\/{rel}","templated":true}]}}